{"id":1835,"date":"2026-03-31T10:48:27","date_gmt":"2026-03-31T08:48:27","guid":{"rendered":"https:\/\/iavis.uv.es\/?p=1835"},"modified":"2026-03-31T10:48:31","modified_gmt":"2026-03-31T08:48:31","slug":"concurso-premio-visualizacion-de-datos-de-la-ciudad-de-valencia-2026","status":"publish","type":"post","link":"https:\/\/iavis.uv.es\/index.php\/2026\/03\/31\/concurso-premio-visualizacion-de-datos-de-la-ciudad-de-valencia-2026\/","title":{"rendered":"Concurso: Premio Visualizaci\u00f3n de Datos de la Ciudad de Valencia- 2026"},"content":{"rendered":"\n<p>La C\u00e1tedra de Intel.lig\u00e8ncia Artificial i Visualitzaci\u00f3 de Informaci\u00f3 per al Govern Obert a la Ciutat de Val\u00e8ncia lanza a los estudiantes el reto de presentar propuestas de visualizaci\u00f3n de datos de la ciudad de Valencia.<\/p>\n\n\n\n<p>Se trata de proponer visualizaciones de datos que destaquen <strong>alg\u00fan aspecto relevante de la ciudad de Valencia a trav\u00e9s de las campa\u00f1as realizadas por el Ayuntamiento<\/strong>. Esta informaci\u00f3n puede consultarse en: <a href=\"https:\/\/www.valencia.es\/cas\/campa%C3%B1as-municipales\" target=\"_blank\" rel=\"noopener\" title=\"\">https:\/\/www.valencia.es\/cas\/campa%C3%B1as-municipales<\/a><\/p>\n\n\n\n<!--more-->\n\n\n\n<p>BASES DE LA CONVOCATORIA&nbsp;<\/p>\n\n\n\n<ol class=\"wp-block-list\">\n<li>Podr\u00e1n optar a este premio los alumnos y alumnas que se encuentren matriculados en una titulaci\u00f3n de Grado o M\u00e1ster de la Escola T\u00e8cnica Superior d\u2019Enginyeria de la Universitat de Val\u00e8ncia.\u00a0<\/li>\n\n\n\n<li>Se aceptar\u00e1n candidaturas realizadas de manera individual o en grupos.\u00a0<\/li>\n\n\n\n<li>Cada candidatura deber\u00e1 proponer una \u00fanica soluci\u00f3n para la visualizaci\u00f3n del conjunto de datos.\u00a0<\/li>\n\n\n\n<li>En la valoraci\u00f3n de las soluciones candidatas, se tendr\u00e1n en cuenta los siguientes aspectos:\u00a0\n<ul class=\"wp-block-list\">\n<li>Originalidad.\u00a0<\/li>\n\n\n\n<li>Claridad de la informaci\u00f3n visualizada.\u00a0<\/li>\n\n\n\n<li>Dise\u00f1o atractivo.\u00a0<\/li>\n\n\n\n<li>Interactividad.\u202f\u202f\u00a0<\/li>\n\n\n\n<li>Calidad de la documentaci\u00f3n.\u00a0<\/li>\n<\/ul>\n<\/li>\n\n\n\n<li>El Jurado estar\u00e1 formado por dos profesores del Grado en Ciencia de Datos de la Universitat de Val\u00e8ncia y por dos miembros de la concejal\u00eda de Gobierno Abierto. Las deliberaciones del jurado ser\u00e1n secretas y su veredicto, inapelable.\u00a0<\/li>\n\n\n\n<li>La presentaci\u00f3n a este premio supone la aceptaci\u00f3n \u00edntegra de sus bases y la autorizaci\u00f3n a la C\u00e1tedra y a la Universitat de Val\u00e8ncia para la reproducci\u00f3n y difusi\u00f3n de los trabajos presentados\u00a0<\/li>\n<\/ol>\n\n\n\n<p>PREMIOS&nbsp;<\/p>\n\n\n\n<p>Se otorgar\u00e1n dos premios:<\/p>\n\n\n\n<ul class=\"wp-block-list\">\n<li>Ganador del concurso: 100 \u20ac a cada miembro del equipo ganador. En caso de que la candidatura sea individual, el premio ser\u00e1 de 300 \u20ac.<\/li>\n\n\n\n<li>Acc\u00e9sit: 50 \u20ac a cada miembro del equipo ganador. En caso de que la candidatura sea individual, el premio ser\u00e1 de 150 \u20ac.<\/li>\n<\/ul>\n\n\n\n<p>Adem\u00e1s, todos los miembros de los equipos ganadores tendr\u00e1n un diploma acreditativo y sus resultados se publicar\u00e1n en la web de la c\u00e1tedra.&nbsp;<\/p>\n\n\n\n<p>INSCRIPCI\u00d3N&nbsp;<\/p>\n\n\n\n<p>Los participantes podr\u00e1n inscribirse mandando un correo a <a href=\"mailto:iavis@uv.es\">iavis@uv.es<\/a> en el que conste:<\/p>\n\n\n\n<ul class=\"wp-block-list\">\n<li>Alias del equipo participante<\/li>\n\n\n\n<li>Nombre completo de los miembros del equipo.<\/li>\n\n\n\n<li>Correo (oficial UV alumni) de los participantes.<\/li>\n<\/ul>\n\n\n\n<p>PRESENTACI\u00d3N DEL TRABAJO&nbsp;<\/p>\n\n\n\n<p>La fecha entrega para la presentaci\u00f3n de los trabajos ser\u00e1 el 31 de mayo de 2026.<\/p>\n\n\n\n<p>La entrega del trabajo deber\u00e1 ir acompa\u00f1ada de la siguiente informaci\u00f3n:&nbsp;<\/p>\n\n\n\n<ul class=\"wp-block-list\">\n<li>Alias del equipo participante.\u00a0<\/li>\n\n\n\n<li>Nombre completo y DNI de los miembros del equipo participante.\u00a0<\/li>\n\n\n\n<li>Fichero comprimido con todos los archivos necesarios para poder reproducir la visualizaci\u00f3n en la web.<\/li>\n\n\n\n<li>Memoria explicativa de la soluci\u00f3n con im\u00e1genes de la aplicaci\u00f3n, en formato PDF.\u00a0<\/li>\n\n\n\n<li>Opcionalmente podr\u00e1 hacerse un v\u00eddeo demostrativo del trabajo realizado y enviar la URL del v\u00eddeo subido a alguna plataforma (mmedia de la uv o youtube).\u00a0<\/li>\n<\/ul>\n\n\n\n<p>ENTREGA DE PREMIOS<\/p>\n\n\n\n<p>Una vez valorados los trabajos el jurado fallar\u00e1 y entregar\u00e1 los premios y los diplomas en un acto p\u00fablico dentro del evento Databeers que organizar\u00e1 la c\u00e1tedra en el mes de noviembre de 2026. Se comunicar\u00e1 con antelaci\u00f3n a los participantes y ganadores la fecha y lugar del acto de entrega.<\/p>\n","protected":false},"excerpt":{"rendered":"<p>La C\u00e1tedra de Intel.lig\u00e8ncia Artificial i Visualitzaci\u00f3 de Informaci\u00f3 per al Govern Obert a la Ciutat de Val\u00e8ncia lanza a los estudiantes el reto de presentar propuestas de visualizaci\u00f3n de datos de la ciudad de Valencia. Se trata de proponer visualizaciones de datos que destaquen alg\u00fan aspecto relevante de la ciudad de Valencia a trav\u00e9s &hellip; <\/p>\n<p class=\"link-more\"><a href=\"https:\/\/iavis.uv.es\/index.php\/2026\/03\/31\/concurso-premio-visualizacion-de-datos-de-la-ciudad-de-valencia-2026\/\" class=\"more-link\">Continuar leyendo<span class=\"screen-reader-text\"> \u00abConcurso: Premio Visualizaci\u00f3n de Datos de la Ciudad de Valencia- 2026\u00bb<\/span><\/a><\/p>\n","protected":false},"author":1,"featured_media":0,"comment_status":"closed","ping_status":"closed","sticky":false,"template":"","format":"standard","meta":{"sfsi_plus_gutenberg_text_before_share":"","sfsi_plus_gutenberg_show_text_before_share":"","sfsi_plus_gutenberg_icon_type":"","sfsi_plus_gutenberg_icon_alignemt":"","sfsi_plus_gutenburg_max_per_row":"","_monsterinsights_skip_tracking":false,"_monsterinsights_sitenote_active":false,"_monsterinsights_sitenote_note":"","_monsterinsights_sitenote_category":0,"footnotes":""},"categories":[4,5,1],"tags":[],"class_list":["post-1835","post","type-post","status-publish","format-standard","hentry","category-actividades","category-novedades","category-sin-categoria"],"aioseo_notices":[],"_links":{"self":[{"href":"https:\/\/iavis.uv.es\/index.php\/wp-json\/wp\/v2\/posts\/1835","targetHints":{"allow":["GET"]}}],"collection":[{"href":"https:\/\/iavis.uv.es\/index.php\/wp-json\/wp\/v2\/posts"}],"about":[{"href":"https:\/\/iavis.uv.es\/index.php\/wp-json\/wp\/v2\/types\/post"}],"author":[{"embeddable":true,"href":"https:\/\/iavis.uv.es\/index.php\/wp-json\/wp\/v2\/users\/1"}],"replies":[{"embeddable":true,"href":"https:\/\/iavis.uv.es\/index.php\/wp-json\/wp\/v2\/comments?post=1835"}],"version-history":[{"count":4,"href":"https:\/\/iavis.uv.es\/index.php\/wp-json\/wp\/v2\/posts\/1835\/revisions"}],"predecessor-version":[{"id":1839,"href":"https:\/\/iavis.uv.es\/index.php\/wp-json\/wp\/v2\/posts\/1835\/revisions\/1839"}],"wp:attachment":[{"href":"https:\/\/iavis.uv.es\/index.php\/wp-json\/wp\/v2\/media?parent=1835"}],"wp:term":[{"taxonomy":"category","embeddable":true,"href":"https:\/\/iavis.uv.es\/index.php\/wp-json\/wp\/v2\/categories?post=1835"},{"taxonomy":"post_tag","embeddable":true,"href":"https:\/\/iavis.uv.es\/index.php\/wp-json\/wp\/v2\/tags?post=1835"}],"curies":[{"name":"wp","href":"https:\/\/api.w.org\/{rel}","templated":true}]}}