{"id":1817,"date":"2025-11-24T11:51:01","date_gmt":"2025-11-24T10:51:01","guid":{"rendered":"https:\/\/iavis.uv.es\/?p=1817"},"modified":"2025-11-24T11:51:04","modified_gmt":"2025-11-24T10:51:04","slug":"jornada-sobre-ia-aplicada-a-la-gestion-municipal-y-entrega-de-premios","status":"publish","type":"post","link":"https:\/\/iavis.uv.es\/index.php\/2025\/11\/24\/jornada-sobre-ia-aplicada-a-la-gestion-municipal-y-entrega-de-premios\/","title":{"rendered":"Jornada sobre IA aplicada a la gesti\u00f3n municipal y entrega de premios"},"content":{"rendered":"\n<p>La c\u00e1tedra IAVIS ha organizado una jornada abierta al p\u00fablico, dentro del evento Databeers celebrado el 20 de noviembre de 2025, con ponencias sobre los datos de movilidad en la ciudad de Valencia, la aplicaci\u00f3n de algoritmos IA a la predicci\u00f3n de plazas de parking o el uso de la IA para la clasificaci\u00f3n de solicitudes en el ayuntamiento.<\/p>\n\n\n\n<figure class=\"wp-block-image size-full\"><img loading=\"lazy\" decoding=\"async\" width=\"1000\" height=\"750\" src=\"https:\/\/iavis.uv.es\/wp-content\/uploads\/2025\/11\/Ponencia.jpg\" alt=\"\" class=\"wp-image-1825\" srcset=\"https:\/\/iavis.uv.es\/wp-content\/uploads\/2025\/11\/Ponencia.jpg 1000w, https:\/\/iavis.uv.es\/wp-content\/uploads\/2025\/11\/Ponencia-300x225.jpg 300w, https:\/\/iavis.uv.es\/wp-content\/uploads\/2025\/11\/Ponencia-768x576.jpg 768w\" sizes=\"auto, (max-width: 767px) 89vw, (max-width: 1000px) 54vw, (max-width: 1071px) 543px, 580px\" \/><\/figure>\n\n\n\n<!--more-->\n\n\n\n<p>Adem\u00e1s, en el acto se ha hecho entregad de los premios a estudiantes ganadores del concurso de visualizaci\u00f3n 2020 con propuestas relacionados con \u00a0<strong>\u201cLa DANA, causas, consecuencias, tareas de reconstrucci\u00f3n y prevenci\u00f3n\u201d<\/strong>\u00a0a partir del uso de datos abiertos.<\/p>\n\n\n\n<p><strong>Ganadores del concurso<\/strong> <strong>Sergio Taengua, Pablo Quesada, Eric Villaescusa, Natxo de la Rubia, Carlos Tato<\/strong>\u00a0con su trabajo \u201c<em>Cartograf\u00eda y an\u00e1lisis de rutas interrumpidas por inundaciones en la Comunidad Valenciana<\/em>\u201d<\/p>\n\n\n\n<figure class=\"wp-block-gallery has-nested-images columns-default is-cropped wp-block-gallery-1 is-layout-flex wp-block-gallery-is-layout-flex\">\n<figure class=\"wp-block-image size-large\"><img loading=\"lazy\" decoding=\"async\" width=\"1024\" height=\"604\" data-id=\"1823\" src=\"https:\/\/iavis.uv.es\/wp-content\/uploads\/2025\/11\/PrimerPremio-1024x604.jpg\" alt=\"\" class=\"wp-image-1823\" srcset=\"https:\/\/iavis.uv.es\/wp-content\/uploads\/2025\/11\/PrimerPremio-1024x604.jpg 1024w, https:\/\/iavis.uv.es\/wp-content\/uploads\/2025\/11\/PrimerPremio-300x177.jpg 300w, https:\/\/iavis.uv.es\/wp-content\/uploads\/2025\/11\/PrimerPremio-768x453.jpg 768w, https:\/\/iavis.uv.es\/wp-content\/uploads\/2025\/11\/PrimerPremio-1320x779.jpg 1320w, https:\/\/iavis.uv.es\/wp-content\/uploads\/2025\/11\/PrimerPremio.jpg 1535w\" sizes=\"auto, (max-width: 767px) 89vw, (max-width: 1000px) 54vw, (max-width: 1071px) 543px, 580px\" \/><\/figure>\n<\/figure>\n\n\n\n<p><\/p>\n\n\n\n<p>Ganadores del\u00a0<strong>acc\u00e9sit<\/strong>:<\/p>\n\n\n\n<figure class=\"wp-block-image size-full\"><img loading=\"lazy\" decoding=\"async\" width=\"600\" height=\"800\" src=\"https:\/\/iavis.uv.es\/wp-content\/uploads\/2025\/11\/Accesit.jpg\" alt=\"\" class=\"wp-image-1824\" srcset=\"https:\/\/iavis.uv.es\/wp-content\/uploads\/2025\/11\/Accesit.jpg 600w, https:\/\/iavis.uv.es\/wp-content\/uploads\/2025\/11\/Accesit-225x300.jpg 225w\" sizes=\"auto, (max-width: 600px) 100vw, 600px\" \/><\/figure>\n\n\n\n<p><strong>Grupo 6: Marta Molina, Javier Beny, I\u00f1aki Mart\u00edn, Isaac Pazmi\u00f1o, David Puerte<\/strong>&nbsp;por su trabajo \u201c<em>An\u00e1lisis de zonas inundables en la Comunidad Valenciana<\/em>\u201d<\/p>\n\n\n\n<p><strong>Grupo 12: Rub\u00e9n Sierra, Alberto Dalmau, Hugo Frasquet, Pablo Pons, Maksym Myronenko<\/strong>&nbsp;por su trabajo \u201c<em>Prevenci\u00f3n de inundaciones sobre infraestructuras de la ciudad de valencia.<\/em>\u201d<\/p>\n","protected":false},"excerpt":{"rendered":"<p>La c\u00e1tedra IAVIS ha organizado una jornada abierta al p\u00fablico, dentro del evento Databeers celebrado el 20 de noviembre de 2025, con ponencias sobre los datos de movilidad en la ciudad de Valencia, la aplicaci\u00f3n de algoritmos IA a la predicci\u00f3n de plazas de parking o el uso de la IA para la clasificaci\u00f3n de &hellip; <\/p>\n<p class=\"link-more\"><a href=\"https:\/\/iavis.uv.es\/index.php\/2025\/11\/24\/jornada-sobre-ia-aplicada-a-la-gestion-municipal-y-entrega-de-premios\/\" class=\"more-link\">Continuar leyendo<span class=\"screen-reader-text\"> \u00abJornada sobre IA aplicada a la gesti\u00f3n municipal y entrega de premios\u00bb<\/span><\/a><\/p>\n","protected":false},"author":1,"featured_media":0,"comment_status":"closed","ping_status":"closed","sticky":false,"template":"","format":"standard","meta":{"sfsi_plus_gutenberg_text_before_share":"","sfsi_plus_gutenberg_show_text_before_share":"","sfsi_plus_gutenberg_icon_type":"","sfsi_plus_gutenberg_icon_alignemt":"","sfsi_plus_gutenburg_max_per_row":"","_monsterinsights_skip_tracking":false,"_monsterinsights_sitenote_active":false,"_monsterinsights_sitenote_note":"","_monsterinsights_sitenote_category":0,"footnotes":""},"categories":[1],"tags":[],"class_list":["post-1817","post","type-post","status-publish","format-standard","hentry","category-sin-categoria"],"aioseo_notices":[],"_links":{"self":[{"href":"https:\/\/iavis.uv.es\/index.php\/wp-json\/wp\/v2\/posts\/1817","targetHints":{"allow":["GET"]}}],"collection":[{"href":"https:\/\/iavis.uv.es\/index.php\/wp-json\/wp\/v2\/posts"}],"about":[{"href":"https:\/\/iavis.uv.es\/index.php\/wp-json\/wp\/v2\/types\/post"}],"author":[{"embeddable":true,"href":"https:\/\/iavis.uv.es\/index.php\/wp-json\/wp\/v2\/users\/1"}],"replies":[{"embeddable":true,"href":"https:\/\/iavis.uv.es\/index.php\/wp-json\/wp\/v2\/comments?post=1817"}],"version-history":[{"count":3,"href":"https:\/\/iavis.uv.es\/index.php\/wp-json\/wp\/v2\/posts\/1817\/revisions"}],"predecessor-version":[{"id":1827,"href":"https:\/\/iavis.uv.es\/index.php\/wp-json\/wp\/v2\/posts\/1817\/revisions\/1827"}],"wp:attachment":[{"href":"https:\/\/iavis.uv.es\/index.php\/wp-json\/wp\/v2\/media?parent=1817"}],"wp:term":[{"taxonomy":"category","embeddable":true,"href":"https:\/\/iavis.uv.es\/index.php\/wp-json\/wp\/v2\/categories?post=1817"},{"taxonomy":"post_tag","embeddable":true,"href":"https:\/\/iavis.uv.es\/index.php\/wp-json\/wp\/v2\/tags?post=1817"}],"curies":[{"name":"wp","href":"https:\/\/api.w.org\/{rel}","templated":true}]}}