{"id":1799,"date":"2025-07-30T13:57:32","date_gmt":"2025-07-30T11:57:32","guid":{"rendered":"https:\/\/iavis.uv.es\/?p=1799"},"modified":"2025-07-30T13:58:10","modified_gmt":"2025-07-30T11:58:10","slug":"tareas-de-la-catedra-del-primer-semestre-2025","status":"publish","type":"post","link":"https:\/\/iavis.uv.es\/index.php\/2025\/07\/30\/tareas-de-la-catedra-del-primer-semestre-2025\/","title":{"rendered":"Tareas de la c\u00e1tedra del primer semestre 2025"},"content":{"rendered":"\n<p>El lunes 14 de julio de 2025 tuvo lugar la reuni\u00f3n de la comisi\u00f3n mixta de la c\u00e1tedra IAVIS, para hacer presentar los informes de las actividades realizadas este a\u00f1o.<\/p>\n\n\n\n<p>La directora de la c\u00e1tedra, Inmaculada Coma, ha comentado el informe de seguimiento de tareas entre las que se resaltan:<\/p>\n\n\n\n<!--more-->\n\n\n\n<ul class=\"wp-block-list\">\n<li>Se ha convocado, publicitado y resuelto el Premio Visualizaci\u00f3n de Datos de la Ciudad de Valencia \u2013 2025: La Dana, causas, consecuencias, tareas de reconstrucci\u00f3n y prevenci\u00f3n. Entre los trabajos presentados hay diferentes propuestas de vis\n<ul class=\"wp-block-list\">\n<li><a href=\"https:\/\/iavis.uv.es\/index.php\/concurso-de-visualizacion-2025-la-dana-causas-consecuencias-tareas-de-reconstruccion-y-prevencion\/\" target=\"_blank\" rel=\"noopener\" title=\"\">Trabajos presentados<\/a><\/li>\n\n\n\n<li><a href=\"https:\/\/iavis.uv.es\/index.php\/2025\/06\/27\/ganadores-del-concurso-de-visualizacion-de-datos-de-la-ciudad-de-valencia-2025\/\" target=\"_blank\" rel=\"noopener\" title=\"\">Ganadores del concurso<\/a><\/li>\n<\/ul>\n<\/li>\n\n\n\n<li>Promoci\u00f3n de TFG y TFM afines al a c\u00e1tedra. \n<ul class=\"wp-block-list\">\n<li>El estudiante Raul Abella Bioque, del m\u00e1ster TWCAM, ha defendido el TFM: \u201cAplicaci\u00f3n web para la visualizaci\u00f3n y gesti\u00f3n de las juntas municipales del Ayuntamiento de Valencia\u201d tutorizado por Inmaculada Coma en Julio de 2025.<\/li>\n\n\n\n<li>El estudiante Daniel Medal Criado, del grado en Ingenier\u00eda Multimedia, ha defendido el TFG: \u201cMapa Interactivo del Consumo de Agua por Barrios de Valencia con Evoluci\u00f3n Temporal\u201d  tutorizado por Inmaculada Coma en Julio de 2025.<\/li>\n<\/ul>\n<\/li>\n\n\n\n<li>Se ha realizado un informe \u00abT\u00e9cnicas y herramientas para visualizaci\u00f3n de mapas de flujo\u00bb.<\/li>\n\n\n\n<li>Se ha hecho uso de Algoritmos de predicci\u00f3n para valora la disponibilidad de plazas de parking en el trabajo: \u00abT<a href=\"https:\/\/iavis.uv.es\/index.php\/tecnicas-ia-aplicadas-a-la-prediccion-de-plazas-libres-de-parking\/\" target=\"_blank\" rel=\"noopener\" title=\"\">\u00e9cnicas IA para la predicci\u00f3n de disponibilidad de plazas de parking en Valencia<\/a>\u00ab<\/li>\n\n\n\n<li>Formaci\u00f3n: promoci\u00f3n de las \u00e1reas de la c\u00e1tedra entre diferentes asignaturas de los grados y m\u00e1ster de ETSE-UV. Concurso Escape Room utilizando los datos abiertos del ayuntamiento de Valencia.<\/li>\n\n\n\n<li>La colaboraci\u00f3n con el <a href=\".\u00a0https:\/\/iavis.uv.es\/index.php\/la-falla-immaterial-2025\/\" target=\"_blank\" rel=\"noopener\" title=\"\">proyecto Falla Immaterial 2025<\/a><\/li>\n<\/ul>\n\n\n\n<p>Por parte del ayuntamiento ha asistido a la comisi\u00f3n mixta Juan Carlos Caballero, concejal de transparencia, informaci\u00f3n y defensa de la ciudadan\u00eda, quien ha mostrado su inter\u00e9s en los proyectos relacionados con la prevenci\u00f3n de cat\u00e1strofes . Mar Gallego y Pilar de la Torre , que han realizado el seguimiento de las actividades, han mostrado tambi\u00e9n su acuerdo con el trabajo realizado.<\/p>\n\n\n\n<p>Por parte de la Universitat de Val\u00e8ncia ha asistido Rosa Donat, Vicerrectora de Innovaci\u00f3n y Transferencia, quien ha destacado los frutos que est\u00e1 dando el binomio Universidad-Ayuntamiento; Inmaculada Coma, directora de la c\u00e1tedra y Cristina Portal\u00e9s profesora del departamento de inform\u00e1tica de la ETSE-UV y miembro de la comisi\u00f3n mixta han presentado el informe y las tareas de la c\u00e1tedra.<\/p>\n","protected":false},"excerpt":{"rendered":"<p>El lunes 14 de julio de 2025 tuvo lugar la reuni\u00f3n de la comisi\u00f3n mixta de la c\u00e1tedra IAVIS, para hacer presentar los informes de las actividades realizadas este a\u00f1o. La directora de la c\u00e1tedra, Inmaculada Coma, ha comentado el informe de seguimiento de tareas entre las que se resaltan:<\/p>\n","protected":false},"author":1,"featured_media":0,"comment_status":"closed","ping_status":"closed","sticky":false,"template":"","format":"standard","meta":{"sfsi_plus_gutenberg_text_before_share":"","sfsi_plus_gutenberg_show_text_before_share":"","sfsi_plus_gutenberg_icon_type":"","sfsi_plus_gutenberg_icon_alignemt":"","sfsi_plus_gutenburg_max_per_row":"","_monsterinsights_skip_tracking":false,"_monsterinsights_sitenote_active":false,"_monsterinsights_sitenote_note":"","_monsterinsights_sitenote_category":0,"footnotes":""},"categories":[1],"tags":[],"class_list":["post-1799","post","type-post","status-publish","format-standard","hentry","category-sin-categoria"],"aioseo_notices":[],"_links":{"self":[{"href":"https:\/\/iavis.uv.es\/index.php\/wp-json\/wp\/v2\/posts\/1799","targetHints":{"allow":["GET"]}}],"collection":[{"href":"https:\/\/iavis.uv.es\/index.php\/wp-json\/wp\/v2\/posts"}],"about":[{"href":"https:\/\/iavis.uv.es\/index.php\/wp-json\/wp\/v2\/types\/post"}],"author":[{"embeddable":true,"href":"https:\/\/iavis.uv.es\/index.php\/wp-json\/wp\/v2\/users\/1"}],"replies":[{"embeddable":true,"href":"https:\/\/iavis.uv.es\/index.php\/wp-json\/wp\/v2\/comments?post=1799"}],"version-history":[{"count":5,"href":"https:\/\/iavis.uv.es\/index.php\/wp-json\/wp\/v2\/posts\/1799\/revisions"}],"predecessor-version":[{"id":1805,"href":"https:\/\/iavis.uv.es\/index.php\/wp-json\/wp\/v2\/posts\/1799\/revisions\/1805"}],"wp:attachment":[{"href":"https:\/\/iavis.uv.es\/index.php\/wp-json\/wp\/v2\/media?parent=1799"}],"wp:term":[{"taxonomy":"category","embeddable":true,"href":"https:\/\/iavis.uv.es\/index.php\/wp-json\/wp\/v2\/categories?post=1799"},{"taxonomy":"post_tag","embeddable":true,"href":"https:\/\/iavis.uv.es\/index.php\/wp-json\/wp\/v2\/tags?post=1799"}],"curies":[{"name":"wp","href":"https:\/\/api.w.org\/{rel}","templated":true}]}}