{"id":1785,"date":"2025-06-27T11:35:06","date_gmt":"2025-06-27T09:35:06","guid":{"rendered":"https:\/\/iavis.uv.es\/?p=1785"},"modified":"2025-07-08T12:22:19","modified_gmt":"2025-07-08T10:22:19","slug":"ganadores-del-concurso-de-visualizacion-de-datos-de-la-ciudad-de-valencia-2025","status":"publish","type":"post","link":"https:\/\/iavis.uv.es\/index.php\/2025\/06\/27\/ganadores-del-concurso-de-visualizacion-de-datos-de-la-ciudad-de-valencia-2025\/","title":{"rendered":"Ganadores del Concurso de Visualizaci\u00f3n de Datos de la ciudad de Valencia 2025."},"content":{"rendered":"\n<p>Un total de 55 estudiantes del Grado en Ciencia de Datos de la ETSE-UV han presentado sus propuestas al Premio de Visualizaci\u00f3n de datos de la Ciudad de Valencia. El objetivo del concurso era proponer visualizaciones de datos sobre tem\u00e1ticas relacionadas con <strong>\u201cLa DANA, causas, consecuencias, tareas de reconstrucci\u00f3n y prevenci\u00f3n\u201d<\/strong>&nbsp;a partir del uso de datos abiertos.<\/p>\n\n\n\n<p>La comisi\u00f3n de valoraci\u00f3n del concurso, formada por dos miembros de la concejal\u00eda de transparencia del ayuntamiento de Valencia y dos profesores de la ETSE-UV ha resuelto conceder los siguientes premios:<\/p>\n\n\n\n<!--more-->\n\n\n\n<p><strong>Ganador del concurso:<\/strong><\/p>\n\n\n\n<p><strong>GRUPO 1&nbsp;<\/strong>formado por los estudiantes del GCD de la ETSE-UV <strong>Sergio Taengua, Pablo Quesada, Eric Villaescusa, Natxo de la Rubia, Carlos Tato<\/strong>&nbsp;con su trabajo \u201c<em>Cartograf\u00eda y an\u00e1lisis de rutas interrumpidas por inundaciones en la Comunidad Valenciana<\/em>\u201d. Cada uno de los miembros del equipo ganador obtendr\u00e1n un diploma y un premio de 100\u20ac.<\/p>\n\n\n\n<p>Asimismo, el jurado concede dos&nbsp;<strong>acc\u00e9sit al segundo y tercer puesto&nbsp;<\/strong>obtenidos por:<\/p>\n\n\n\n<p><strong>Grupo 6: Marta Molina, Javier Beny, I\u00f1aki Mart\u00edn, Isaac Pazmi\u00f1o, David Puerte<\/strong>&nbsp;por su trabajo \u201c<em>An\u00e1lisis de zonas inundables en la Comunidad Valenciana<\/em>\u201d<\/p>\n\n\n\n<p><strong>Grupo 12: Rub\u00e9n Sierra, Alberto Dalmau, Hugo Frasquet, Pablo Pons, Maksym Myronenko<\/strong> por su trabajo \u201c<em>Prevenci\u00f3n de inundaciones sobre infraestructuras de la ciudad de valencia.<\/em>\u201d<\/p>\n\n\n\n<p>Cada uno de los miembros de los equipos del acc\u00e9sit obtendr\u00e1n un diploma y un premio de 50\u20ac.<\/p>\n\n\n\n<p>Todas las propuestas de los estudiantes pueden consultarse en la web:&nbsp;<a href=\"https:\/\/iavis.uv.es\/index.php\/concurso-de-visualizacion-2025-la-dana-causas-consecuencias-tareas-de-reconstruccion-y-prevencion\/\">https:\/\/iavis.uv.es\/index.php\/concurso-de-visualizacion-2025-la-dana-causas-consecuencias-tareas-de-reconstruccion-y-prevencion\/<\/a><\/p>\n\n\n\n<p>La entrega de premios y diplomas se realizar\u00e1 en un evento de la actividad \u201cDatabeers\u201d promocionada por la c\u00e1tedra que tendr\u00e1 lugar en noviembre de 2025.<\/p>\n","protected":false},"excerpt":{"rendered":"<p>Un total de 55 estudiantes del Grado en Ciencia de Datos de la ETSE-UV han presentado sus propuestas al Premio de Visualizaci\u00f3n de datos de la Ciudad de Valencia. El objetivo del concurso era proponer visualizaciones de datos sobre tem\u00e1ticas relacionadas con \u201cLa DANA, causas, consecuencias, tareas de reconstrucci\u00f3n y prevenci\u00f3n\u201d&nbsp;a partir del uso de &hellip; <\/p>\n<p class=\"link-more\"><a href=\"https:\/\/iavis.uv.es\/index.php\/2025\/06\/27\/ganadores-del-concurso-de-visualizacion-de-datos-de-la-ciudad-de-valencia-2025\/\" class=\"more-link\">Continuar leyendo<span class=\"screen-reader-text\"> \u00abGanadores del Concurso de Visualizaci\u00f3n de Datos de la ciudad de Valencia 2025.\u00bb<\/span><\/a><\/p>\n","protected":false},"author":1,"featured_media":0,"comment_status":"closed","ping_status":"closed","sticky":false,"template":"","format":"standard","meta":{"sfsi_plus_gutenberg_text_before_share":"","sfsi_plus_gutenberg_show_text_before_share":"","sfsi_plus_gutenberg_icon_type":"","sfsi_plus_gutenberg_icon_alignemt":"","sfsi_plus_gutenburg_max_per_row":"","_monsterinsights_skip_tracking":false,"_monsterinsights_sitenote_active":false,"_monsterinsights_sitenote_note":"","_monsterinsights_sitenote_category":0,"footnotes":""},"categories":[1],"tags":[],"class_list":["post-1785","post","type-post","status-publish","format-standard","hentry","category-sin-categoria"],"aioseo_notices":[],"_links":{"self":[{"href":"https:\/\/iavis.uv.es\/index.php\/wp-json\/wp\/v2\/posts\/1785","targetHints":{"allow":["GET"]}}],"collection":[{"href":"https:\/\/iavis.uv.es\/index.php\/wp-json\/wp\/v2\/posts"}],"about":[{"href":"https:\/\/iavis.uv.es\/index.php\/wp-json\/wp\/v2\/types\/post"}],"author":[{"embeddable":true,"href":"https:\/\/iavis.uv.es\/index.php\/wp-json\/wp\/v2\/users\/1"}],"replies":[{"embeddable":true,"href":"https:\/\/iavis.uv.es\/index.php\/wp-json\/wp\/v2\/comments?post=1785"}],"version-history":[{"count":3,"href":"https:\/\/iavis.uv.es\/index.php\/wp-json\/wp\/v2\/posts\/1785\/revisions"}],"predecessor-version":[{"id":1790,"href":"https:\/\/iavis.uv.es\/index.php\/wp-json\/wp\/v2\/posts\/1785\/revisions\/1790"}],"wp:attachment":[{"href":"https:\/\/iavis.uv.es\/index.php\/wp-json\/wp\/v2\/media?parent=1785"}],"wp:term":[{"taxonomy":"category","embeddable":true,"href":"https:\/\/iavis.uv.es\/index.php\/wp-json\/wp\/v2\/categories?post=1785"},{"taxonomy":"post_tag","embeddable":true,"href":"https:\/\/iavis.uv.es\/index.php\/wp-json\/wp\/v2\/tags?post=1785"}],"curies":[{"name":"wp","href":"https:\/\/api.w.org\/{rel}","templated":true}]}}