{"id":1719,"date":"2024-12-05T10:21:11","date_gmt":"2024-12-05T09:21:11","guid":{"rendered":"https:\/\/iavis.uv.es\/?p=1719"},"modified":"2024-12-05T10:21:14","modified_gmt":"2024-12-05T09:21:14","slug":"especial-catedras-las-provincias-2024","status":"publish","type":"post","link":"https:\/\/iavis.uv.es\/index.php\/2024\/12\/05\/especial-catedras-las-provincias-2024\/","title":{"rendered":"Especial c\u00e1tedras Las Provincias &#8211; 2024"},"content":{"rendered":"\n<p>La catedra IAVis ha participado en la edici\u00f3n 2024 del Especial C\u00e1tedras del peri\u00f3dico Las provincias.<\/p>\n\n\n\n<p>Este a\u00f1o, con motivo del reconocimiento por parte de la Uni\u00f3n Europea de Valencia como Capital Verde Europea de 2024, la c\u00e1tedra se ha centrado en el an\u00e1lisis y difusi\u00f3n de informaci\u00f3n de la ciudad alineada con esta tem\u00e1tica.<\/p>\n\n\n\n<p>La directora de la c\u00e1tedra, Inmaculada Coma, ha comentado con el peri\u00f3dico los trabajos realizados este a\u00f1o y c\u00f3mo las tecnolog\u00edas puede aportar informaci\u00f3n que permita analizar la situaci\u00f3n medioambiental.<\/p>\n\n\n\n<p>Os dejamos el enlace a la publicaci\u00f3n:<\/p>\n\n\n\n<p><a href=\"https:\/\/www.lasprovincias.es\/content-local\/la-catedra-ia-vis-y-la-capitalidad-verde-de-valencia\">https:\/\/www.lasprovincias.es\/content-local\/la-catedra-ia-vis-y-la-capitalidad-verde-de-valencia<\/a><\/p>\n\n\n\n<p><\/p>\n","protected":false},"excerpt":{"rendered":"<p>La catedra IAVis ha participado en la edici\u00f3n 2024 del Especial C\u00e1tedras del peri\u00f3dico Las provincias. Este a\u00f1o, con motivo del reconocimiento por parte de la Uni\u00f3n Europea de Valencia como Capital Verde Europea de 2024, la c\u00e1tedra se ha centrado en el an\u00e1lisis y difusi\u00f3n de informaci\u00f3n de la ciudad alineada con esta tem\u00e1tica. &hellip; <\/p>\n<p class=\"link-more\"><a href=\"https:\/\/iavis.uv.es\/index.php\/2024\/12\/05\/especial-catedras-las-provincias-2024\/\" class=\"more-link\">Continuar leyendo<span class=\"screen-reader-text\"> \u00abEspecial c\u00e1tedras Las Provincias &#8211; 2024\u00bb<\/span><\/a><\/p>\n","protected":false},"author":1,"featured_media":0,"comment_status":"closed","ping_status":"closed","sticky":false,"template":"","format":"standard","meta":{"sfsi_plus_gutenberg_text_before_share":"","sfsi_plus_gutenberg_show_text_before_share":"","sfsi_plus_gutenberg_icon_type":"","sfsi_plus_gutenberg_icon_alignemt":"","sfsi_plus_gutenburg_max_per_row":"","_monsterinsights_skip_tracking":false,"_monsterinsights_sitenote_active":false,"_monsterinsights_sitenote_note":"","_monsterinsights_sitenote_category":0,"footnotes":""},"categories":[15,5],"tags":[],"class_list":["post-1719","post","type-post","status-publish","format-standard","hentry","category-difusion","category-novedades"],"aioseo_notices":[],"_links":{"self":[{"href":"https:\/\/iavis.uv.es\/index.php\/wp-json\/wp\/v2\/posts\/1719","targetHints":{"allow":["GET"]}}],"collection":[{"href":"https:\/\/iavis.uv.es\/index.php\/wp-json\/wp\/v2\/posts"}],"about":[{"href":"https:\/\/iavis.uv.es\/index.php\/wp-json\/wp\/v2\/types\/post"}],"author":[{"embeddable":true,"href":"https:\/\/iavis.uv.es\/index.php\/wp-json\/wp\/v2\/users\/1"}],"replies":[{"embeddable":true,"href":"https:\/\/iavis.uv.es\/index.php\/wp-json\/wp\/v2\/comments?post=1719"}],"version-history":[{"count":4,"href":"https:\/\/iavis.uv.es\/index.php\/wp-json\/wp\/v2\/posts\/1719\/revisions"}],"predecessor-version":[{"id":1723,"href":"https:\/\/iavis.uv.es\/index.php\/wp-json\/wp\/v2\/posts\/1719\/revisions\/1723"}],"wp:attachment":[{"href":"https:\/\/iavis.uv.es\/index.php\/wp-json\/wp\/v2\/media?parent=1719"}],"wp:term":[{"taxonomy":"category","embeddable":true,"href":"https:\/\/iavis.uv.es\/index.php\/wp-json\/wp\/v2\/categories?post=1719"},{"taxonomy":"post_tag","embeddable":true,"href":"https:\/\/iavis.uv.es\/index.php\/wp-json\/wp\/v2\/tags?post=1719"}],"curies":[{"name":"wp","href":"https:\/\/api.w.org\/{rel}","templated":true}]}}